{"id":126,"date":"2005-09-09T01:01:01","date_gmt":"2005-09-09T01:01:01","guid":{"rendered":"http:\/\/hcastillo.wordpress.com\/2005\/09\/09\/gua-prctica-para-apostatar-documentos"},"modified":"2015-04-19T11:04:32","modified_gmt":"2015-04-19T10:04:32","slug":"gua-prctica-para-apostatar-documentos","status":"publish","type":"post","link":"https:\/\/heccasan.webs.upv.es\/?p=126","title":{"rendered":"C\u00f3mo apostat\u00e9"},"content":{"rendered":"<p>El peligro era rendirse antes de tiempo, porque el obispado estuvo mand\u00e1ndome certificados durante por lo menos dos meses, a ver si a base de postergar la convocatoria en persona, pedirme m\u00e1s aclaraciones y certificados bautismales (para el que ment\u00ed como un bellaco y dije que era para una boda, no fuera a negarse a d\u00e1rmelo el p\u00e1rroco de la iglesia en la que fui bautizado), pero al final, desde este 2005 ya no me encuentro ni me pueden considerar ellos tampoco uno de esos 40 millones de espa\u00f1oles cat\u00f3licos.<\/p>\n<p>Declaraci\u00f3n de apostas\u00eda (m\u00e1s <a href=\"http:\/\/perso.wanadoo.es\/estudioateo\/apostasia\/apostasia.htm\">aqu\u00ed<\/a>).<\/p>\n<p>Al Obispo D. &#8230;&#8230;&#8230;&#8230;&#8230; titular de la di\u00f3cesis de &#8230;&#8230;&#8230;&#8230;&#8230;<\/p>\n<p>Yo, D. &#8230;&#8230;&#8230;&#8230;&#8230;.., con DNI n.\u00ba &#8230;&#8230;&#8230;&#8230;&#8230;, mayor de edad y<br \/>\nresidente en la poblaci\u00f3n de &#8230;&#8230;&#8230;&#8230;&#8230;&#8230;&#8230;, que seg\u00fan le<br \/>\nconsta fue bautizado el d\u00eda &#8230; de &#8230;&#8230;&#8230;&#8230;&#8230; de &#8230;.. en la<br \/>\nparroquia de &#8230;&#8230;&#8230;&#8230;&#8230;&#8230;. perteneciente a la di\u00f3cesis indicada,<br \/>\nactuando en nombre e inter\u00e9s propio y hall\u00e1ndose en pleno uso de su<br \/>\nlibre y espont\u00e1nea voluntad<\/p>\n<p>MANIFIESTA:<\/p>\n<p>Primero<\/p>\n<p>&#8211; Que, no habiendo encontrado en el Derecho Can\u00f3nico procedimiento<br \/>\nalguno establecido para la tramitaci\u00f3n del presente escrito, lo dirijo<br \/>\nal Obispo diocesano por las consideraciones siguientes:<\/p>\n<p>&#8211; Que el c\u00e1non 393 del C\u00f3digo de Derecho Can\u00f3nico dispone que \u00abEl<br \/>\nObispo diocesano representa a la di\u00f3cesis en todos los negocios<br \/>\njur\u00eddicos de la misma\u00bb.<\/p>\n<p>&#8211; Que el c\u00e1non 383.1, establece que \u00abAl ejercer su funci\u00f3n pastoral,<br \/>\nel Obispo diocesano debe mostrarse sol\u00edcito con todos los fieles que<br \/>\nse le conf\u00edan (&#8230;), as\u00ed como a quienes se hayan apartado de la<br \/>\npr\u00e1ctica de la religi\u00f3n\u00bb.<\/p>\n<p>&#8211; Que el c\u00e1non 369 define la di\u00f3cesis como \u00abuna porci\u00f3n del pueblo de<br \/>\nDios cuyo cuidado pastoral se encomienda al Obispo con la cooperaci\u00f3n<br \/>\ndel presbiterio, de manera que, unida a su pastor y congregada por \u00e9l<br \/>\nen el Esp\u00edritu Santo mediante el Evangelio y la Eucarist\u00eda, constituya<br \/>\nuna Iglesia particular, en la cual verdaderamente est\u00e1 presente y<br \/>\nact\u00faa la Iglesia de Cristo una, santa, cat\u00f3lica y apost\u00f3lica\u00bb.<\/p>\n<p>Segundo<\/p>\n<p>&#8211; Que en su d\u00eda fui bautizado en la fe cat\u00f3lica como consecuencia de<br \/>\nuna decisi\u00f3n tomada por otras personas sin que en ese momento, a causa<br \/>\nde mi edad, mediara en modo alguno la participaci\u00f3n de mi propia<br \/>\nvoluntad, y sin que dispusiera de libertad ni conciencia suficientes<br \/>\npara emitir un juicio sobre mis convicciones personales.<\/p>\n<p>&#8211; Que tras haber meditado durante el tiempo suficiente sobre el<br \/>\nsignificado de mi pertenencia a la fe Cat\u00f3lica no hallo ning\u00fan<br \/>\npretexto para continuar perteneciendo a la Iglesia Cat\u00f3lica, entrando<br \/>\nmi voluntad en contradicci\u00f3n con la adscripci\u00f3n a esta instituci\u00f3n.<\/p>\n<p>&#8211; Que la fidelidad a la propia conciencia es un derecho constitucional<br \/>\ninalienable reconocido por la legislaci\u00f3n mediante el art\u00edculo 16 de<br \/>\nla Constituci\u00f3n Espa\u00f1ola, a la cual ninguna entidad privada o p\u00fablica<br \/>\npuede oponerse.<\/p>\n<p>&#8211; Que, por tanto, rechazando totalmente la fe cristiana, me considero<br \/>\nincurso en apostas\u00eda tal y como la define el c\u00e1non 751 del C\u00f3digo de<br \/>\nDerecho Can\u00f3nico, por lo que<\/p>\n<p>SOLICITO:<\/p>\n<p>Me sea reconocida por la Iglesia la condici\u00f3n de ap\u00f3stata, dejando de<br \/>\ncontarme entre sus fieles y de considerarme cat\u00f3lico a todos los<br \/>\nefectos -incluso los estad\u00edsticos-, incluyendo, si procediera, la<br \/>\noportuna anotaci\u00f3n de apostas\u00eda en el Libro de Bautismos y<br \/>\ncualesquiera otros registros eclesi\u00e1sticos.<\/p>\n<p>En &#8230;&#8230;&#8230;. , a &#8230;. de &#8230;&#8230;&#8230; de &#8230;.<\/p>\n<p>Firmado:<\/p>\n","protected":false},"excerpt":{"rendered":"<p>El peligro era rendirse antes de tiempo, porque el obispado estuvo mand\u00e1ndome certificados durante por lo menos dos meses, a ver si a base de postergar la convocatoria en persona, pedirme m\u00e1s aclaraciones y certificados bautismales (para el que ment\u00ed como un bellaco y dije que era para una boda, no fuera a negarse a d\u00e1rmelo el p\u00e1rroco de la iglesia en la que fui bautizado), pero al final, desde este 2005 ya no me encuentro ni me pueden considerar ellos tampoco uno de esos 40 millones de espa\u00f1oles cat\u00f3licos.<\/p>\n<p>Hala, para los que pueda interesar:<br \/>\nhttp:\/\/perso.wanadoo.es\/estudioateo\/apostasia\/apostasia.htm<\/p>\n","protected":false},"author":2,"featured_media":2646,"comment_status":"open","ping_status":"open","sticky":false,"template":"","format":"standard","meta":{"footnotes":""},"categories":[3],"tags":[],"class_list":["post-126","post","type-post","status-publish","format-standard","has-post-thumbnail","hentry","category-curiosidades"],"_links":{"self":[{"href":"https:\/\/heccasan.webs.upv.es\/index.php?rest_route=\/wp\/v2\/posts\/126","targetHints":{"allow":["GET"]}}],"collection":[{"href":"https:\/\/heccasan.webs.upv.es\/index.php?rest_route=\/wp\/v2\/posts"}],"about":[{"href":"https:\/\/heccasan.webs.upv.es\/index.php?rest_route=\/wp\/v2\/types\/post"}],"author":[{"embeddable":true,"href":"https:\/\/heccasan.webs.upv.es\/index.php?rest_route=\/wp\/v2\/users\/2"}],"replies":[{"embeddable":true,"href":"https:\/\/heccasan.webs.upv.es\/index.php?rest_route=%2Fwp%2Fv2%2Fcomments&post=126"}],"version-history":[{"count":3,"href":"https:\/\/heccasan.webs.upv.es\/index.php?rest_route=\/wp\/v2\/posts\/126\/revisions"}],"predecessor-version":[{"id":2645,"href":"https:\/\/heccasan.webs.upv.es\/index.php?rest_route=\/wp\/v2\/posts\/126\/revisions\/2645"}],"wp:featuredmedia":[{"embeddable":true,"href":"https:\/\/heccasan.webs.upv.es\/index.php?rest_route=\/wp\/v2\/media\/2646"}],"wp:attachment":[{"href":"https:\/\/heccasan.webs.upv.es\/index.php?rest_route=%2Fwp%2Fv2%2Fmedia&parent=126"}],"wp:term":[{"taxonomy":"category","embeddable":true,"href":"https:\/\/heccasan.webs.upv.es\/index.php?rest_route=%2Fwp%2Fv2%2Fcategories&post=126"},{"taxonomy":"post_tag","embeddable":true,"href":"https:\/\/heccasan.webs.upv.es\/index.php?rest_route=%2Fwp%2Fv2%2Ftags&post=126"}],"curies":[{"name":"wp","href":"https:\/\/api.w.org\/{rel}","templated":true}]}}